{"id":3163,"date":"2014-06-29T18:45:53","date_gmt":"2014-06-29T18:45:53","guid":{"rendered":"http:\/\/www.atleticarezzato.it\/?p=3163"},"modified":"2014-07-12T17:46:12","modified_gmt":"2014-07-12T17:46:12","slug":"simo-entra-nella-storia-in-15366-record-provinciale-societario-e-leader-nazionale","status":"publish","type":"post","link":"https:\/\/www.atleticarezzato.it\/?p=3163","title":{"rendered":"Simo entra nella storia in 1&#8217;53&#8243;65: record provinciale societario e leader nazionale!!!"},"content":{"rendered":"<p style=\"text-align: center;\"><a href=\"https:\/\/i0.wp.com\/www.atleticarezzato.it\/wp-content\/uploads\/2014\/06\/record.jpg?ssl=1\"><img data-recalc-dims=\"1\" loading=\"lazy\" decoding=\"async\" class=\"aligncenter wp-image-3170\" src=\"https:\/\/i0.wp.com\/www.atleticarezzato.it\/wp-content\/uploads\/2014\/06\/record.jpg?resize=300%2C400&#038;ssl=1\" alt=\"record\" width=\"300\" height=\"400\" srcset=\"https:\/\/i0.wp.com\/www.atleticarezzato.it\/wp-content\/uploads\/2014\/06\/record.jpg?resize=225%2C300&amp;ssl=1 225w, https:\/\/i0.wp.com\/www.atleticarezzato.it\/wp-content\/uploads\/2014\/06\/record.jpg?resize=768%2C1024&amp;ssl=1 768w, https:\/\/i0.wp.com\/www.atleticarezzato.it\/wp-content\/uploads\/2014\/06\/record.jpg?resize=900%2C1200&amp;ssl=1 900w, https:\/\/i0.wp.com\/www.atleticarezzato.it\/wp-content\/uploads\/2014\/06\/record.jpg?w=1944&amp;ssl=1 1944w, https:\/\/i0.wp.com\/www.atleticarezzato.it\/wp-content\/uploads\/2014\/06\/record.jpg?w=1168&amp;ssl=1 1168w, https:\/\/i0.wp.com\/www.atleticarezzato.it\/wp-content\/uploads\/2014\/06\/record.jpg?w=1752&amp;ssl=1 1752w\" sizes=\"auto, (max-width: 300px) 100vw, 300px\" \/><\/a><\/p>\n<p style=\"text-align: justify;\">Ci sono dei giorni nella carriera di un atleta che da soli ripagano di infiniti sacrifici, ci sono dei giorni che non si dimenticheranno mai lasciandoti nell&#8217;animo una gioia che cancella ogni momento buio, ogni gara storta&#8230;.<\/p>\n<p style=\"text-align: justify;\">Per il nostro Simone Soncina quel giorno \u00e8 arrivato, \u00e8 arrivato oggi: 29\/06\/14 in cui ha saputo &#8220;dipingere&#8221; un 800mt come fosse Picasso alle prese con una delle sue tele<!--more--> migliori. Lo scenario \u00e8 quello dei Campionati Regionali assoluti\u00a0la pista \u00e8 quella\u00a0dell&#8217;arena di Milano, la batteria \u00e8 la seconda ed il protagonista uno solo: il nostro Simo! Diciamoci la verit\u00e0, in quest&#8217;anno la sorte non era stato molto benevola con diversi contrattempi che tra cadute, risentimenti muscolari e gare in solitaria gli avevano sempre impedito di sfoderare tutto il suo talento in questa disciplina&#8230;.almeno fino ad oggi&#8230;. dove il conto con la fortuna \u00e8 stato ripagato in un colpo solo con due atleti della Riccardi intenzionati a fare il &#8220;gioco della lepre&#8221; che in realt\u00e0 si trasforma in un ottimo treno per il nostro Simo che a 300mt dalla fine prende il largo e chiude in un sensazionale 1.53.65 che in un colpo solo lo trasforma nel nuovo primatista provinciale, primatista sociale assoluto e leader nazionale della specialit\u00e0!<\/p>\n<p style=\"text-align: justify;\">Impossibile a questo punto non aprire la valigia dei ricordi a partire dal RECORD PROVINCIALE BRESCIANO di cui molto non possiamo dire se non che fosse uno dei record pi\u00f9 vecchi della storia bresciana datato 22-06-1975 ad opera di Pardo Gian Franco della gloriosa FIAT OM in 1&#8217;54&#8243;7 e che ora trova un nuovo erede che lo porta un secondo sotto dopo quasi 40 anni!!!&#8230;.molto di pi\u00f9 si pu\u00f2 dire (portate pazienza) sul RECORD SOCIALE che scompare ed in questo caso la &#8220;valigia dei ricordi&#8221; \u00e8 decisamente pi\u00f9 pesante&#8230;..gi\u00e0 perch\u00e8 l&#8217;1&#8217;55&#8243;32 \u00a0che apparteneva al sottoscritto Federico Quadri \u00e8 storia pi\u00f9 recente ma altrettanto bella e la memoria corre veloce a quel 07 giugno del 2003&#8230;ultimo giorno di scuola e, ironia della sorte, anche in quel caso Campionato Regionale dove riuscii a correre pi\u00f9 forte di tutto e di tutti quasi senza sentire la fatica su quella retta finale fino ad ottenere in una sola volta il record societario il titolo regionale ed il minimo di partecipazione per gli allora campionati italiani 2003&#8230;. Chiss\u00e0 come si sar\u00e0 sentito oggi il nostro Simo su quella famosa &#8220;retta finale&#8221; leggendo poi sul display l&#8217;1.53.66 che lo issa al comando della graduatoria nazionale e quasi fa storcere il naso il fatto che \u00a0i Campionati Italiani in questo caso si siano gia disputati e quella splendida medaglia d&#8217;argento forse forse poteva essere di un altro colore&#8230;<\/p>\n<p style=\"text-align: justify;\">Oggi per\u00f2 non \u00e8 il giorno dei &#8220;forse&#8221; ma il giorno dei &#8220;fatti&#8221; e la storia gli ritaglia un altro angolino&#8230;.chiss\u00e0 se Pardo Gian Franco oggi stava guardando la diretta streming di questa gara&#8230;sicuramente Quadri Federico lo faceva&#8230; e se la nostalgia di lasciare andare un record \u00e8 inevitabile dall&#8217;altro lato c&#8217;\u00e8 la soddisfazione di essere stati utili, utili per aver spronato altri ragazzi a sognare provando l&#8217;emozione di un record che nasce solo con l&#8217;intento di essere battuto&#8230;.regalando un giorno fantastico a chi lo conquista che sia atleta allenatore o semplice tifoso&#8230;.un giorno indimenticabile&#8230;.un giorno da RECORD<\/p>\n","protected":false},"excerpt":{"rendered":"<p>Ci sono dei giorni nella carriera di un atleta che da soli ripagano di infiniti sacrifici, ci sono dei giorni che non si dimenticheranno mai lasciandoti nell&#8217;animo una gioia che cancella ogni momento buio, ogni gara storta&#8230;. Per il nostro &hellip; <a href=\"https:\/\/www.atleticarezzato.it\/?p=3163\">Continua a leggere<span class=\"meta-nav\">&rarr;<\/span><\/a><\/p>\n","protected":false},"author":2,"featured_media":0,"comment_status":"open","ping_status":"open","sticky":false,"template":"","format":"standard","meta":{"jetpack_post_was_ever_published":false,"_jetpack_newsletter_access":"","_jetpack_dont_email_post_to_subs":false,"_jetpack_newsletter_tier_id":0,"_jetpack_memberships_contains_paywalled_content":false,"_jetpack_memberships_contains_paid_content":false,"footnotes":"","jetpack_publicize_message":"","jetpack_publicize_feature_enabled":true,"jetpack_social_post_already_shared":false,"jetpack_social_options":{"image_generator_settings":{"template":"highway","enabled":false},"version":2}},"categories":[4],"tags":[],"class_list":["post-3163","post","type-post","status-publish","format-standard","hentry","category-gare"],"jetpack_publicize_connections":[],"jetpack_featured_media_url":"","jetpack_sharing_enabled":true,"jetpack_shortlink":"https:\/\/wp.me\/p5mdqx-P1","_links":{"self":[{"href":"https:\/\/www.atleticarezzato.it\/index.php?rest_route=\/wp\/v2\/posts\/3163","targetHints":{"allow":["GET"]}}],"collection":[{"href":"https:\/\/www.atleticarezzato.it\/index.php?rest_route=\/wp\/v2\/posts"}],"about":[{"href":"https:\/\/www.atleticarezzato.it\/index.php?rest_route=\/wp\/v2\/types\/post"}],"author":[{"embeddable":true,"href":"https:\/\/www.atleticarezzato.it\/index.php?rest_route=\/wp\/v2\/users\/2"}],"replies":[{"embeddable":true,"href":"https:\/\/www.atleticarezzato.it\/index.php?rest_route=%2Fwp%2Fv2%2Fcomments&post=3163"}],"version-history":[{"count":9,"href":"https:\/\/www.atleticarezzato.it\/index.php?rest_route=\/wp\/v2\/posts\/3163\/revisions"}],"predecessor-version":[{"id":3232,"href":"https:\/\/www.atleticarezzato.it\/index.php?rest_route=\/wp\/v2\/posts\/3163\/revisions\/3232"}],"wp:attachment":[{"href":"https:\/\/www.atleticarezzato.it\/index.php?rest_route=%2Fwp%2Fv2%2Fmedia&parent=3163"}],"wp:term":[{"taxonomy":"category","embeddable":true,"href":"https:\/\/www.atleticarezzato.it\/index.php?rest_route=%2Fwp%2Fv2%2Fcategories&post=3163"},{"taxonomy":"post_tag","embeddable":true,"href":"https:\/\/www.atleticarezzato.it\/index.php?rest_route=%2Fwp%2Fv2%2Ftags&post=3163"}],"curies":[{"name":"wp","href":"https:\/\/api.w.org\/{rel}","templated":true}]}}