{"id":2874,"date":"2014-01-23T18:56:01","date_gmt":"2014-01-23T18:56:01","guid":{"rendered":"http:\/\/www.atleticarezzato.it\/?p=2874"},"modified":"2014-02-05T22:16:07","modified_gmt":"2014-02-05T22:16:07","slug":"storie-di-quartetti-magici-tra-passato-presente-e-futuro","status":"publish","type":"post","link":"https:\/\/www.atleticarezzato.it\/?p=2874","title":{"rendered":"Storie di &#8220;quartetti magici&#8221; tra passato presente e futuro&#8230;"},"content":{"rendered":"<p style=\"text-align: justify;\"><iframe width='425' height='344' src='\/\/www.youtube.com\/embed\/K7LjyXT9GbU?autoplay=0&loop=0&rel=0' frameborder='0' allowfullscreen><\/iframe><\/p>\n<p style=\"text-align: justify;\">Il fresco minimo sulla 4&#215;200 ottenuto dai neo allievi nel nuovissimo palaindoor di Padova \u00e8 l&#8217;occasione per riportare alla luce alcune storie di &#8220;quartetti magici&#8221; che hanno segnato con i loro successi gli annali dell&#8217;atletica Rezzato e non solo.<\/p>\n<p style=\"text-align: justify;\">Come spesso accade nelle piccole societ\u00e0 non tutte le annate offrono delle formazioni valide (e in alcuni casi ahim\u00e8 \u00e8 pur difficile avere 4 atleti della stessa categoria da<!--more--> schierare&#8230;) ma quando la sorte si decide a far incrociare quattro destini di atleti promettenti ecco che l&#8217;intesa, fuori e dentro dalla pista, si fa sentire ancor di pi\u00f9 che in una grossa societ\u00e0 dove magari i componenti di una staffetta si incontrano solo poche ore prima della gara. \u00a0E&#8217; cos\u00ec che nasce il giusto spirito di gruppo e la giusta armonia tra gli staffettisti portandoli a raggiungere risultati oltre le loro singole possibilit\u00e0.<\/p>\n<p style=\"text-align: justify;\">E&#8217; questa la storia della 4&#215;400 rezzatese dei primi anni duemila che ha visto incrociare i destini di Luca Conchieri, Federico Quadri, Alberto Soffientini; colonne portanti di una staffetta che nel giro di sette anni ha conquistato altrettanti titoli provinciali oltre ad un podio regionale due partecipazioni ai campionati italiani. Meriti analoghi vanno anche alla 4&#215;100 composta da Marini Annalisa, Roberta Brodini, Alessandra Baruzzi e Marta Balzi che negli stessi anni \u00e8 riuscita a siglare addirittura il record provinciale nella categoria cadette!!!<\/p>\n<p style=\"text-align: justify;\">Ora il palcoscenico \u00e8 nella mani di Leonarda Foschetti, Simone Soncina, Pietro e Stefano Facchin gi\u00e0 detentori del record di societ\u00e0 nella 4&#215;100 cadetti con cui si erano anche aggiudicati il titolo di campioni provinciali. Due anni dopo si ritrovano nuovamente nella categoria allievi ed il primo frutto di questa stagione ancora &#8220;acerba&#8221; \u00e8 stato il pass per i campionati italiani indoor nella staffetta 4&#215;1 giro ma nel corso dell&#8217;anno ci auguriamo possano continuare a farci brillare gli occhi nelle staffette 4&#215;100 e 4&#215;400 outdoor conquistando titoli e battendo record.<\/p>\n<p style=\"text-align: justify;\">Forza ragazzi, come si dice in questi casi: &#8220;uno per tutti, tutti per uno!&#8221;<\/p>\n","protected":false},"excerpt":{"rendered":"<p>Il fresco minimo sulla 4&#215;200 ottenuto dai neo allievi nel nuovissimo palaindoor di Padova \u00e8 l&#8217;occasione per riportare alla luce alcune storie di &#8220;quartetti magici&#8221; che hanno segnato con i loro successi gli annali dell&#8217;atletica Rezzato e non solo. Come &hellip; <a href=\"https:\/\/www.atleticarezzato.it\/?p=2874\">Continua a leggere<span class=\"meta-nav\">&rarr;<\/span><\/a><\/p>\n","protected":false},"author":2,"featured_media":0,"comment_status":"open","ping_status":"open","sticky":false,"template":"","format":"standard","meta":{"jetpack_post_was_ever_published":false,"_jetpack_newsletter_access":"","_jetpack_dont_email_post_to_subs":false,"_jetpack_newsletter_tier_id":0,"_jetpack_memberships_contains_paywalled_content":false,"_jetpack_memberships_contains_paid_content":false,"footnotes":"","jetpack_publicize_message":"","jetpack_publicize_feature_enabled":true,"jetpack_social_post_already_shared":false,"jetpack_social_options":{"image_generator_settings":{"template":"highway","enabled":false},"version":2}},"categories":[4],"tags":[],"class_list":["post-2874","post","type-post","status-publish","format-standard","hentry","category-gare"],"jetpack_publicize_connections":[],"jetpack_featured_media_url":"","jetpack_sharing_enabled":true,"jetpack_shortlink":"https:\/\/wp.me\/p5mdqx-Km","_links":{"self":[{"href":"https:\/\/www.atleticarezzato.it\/index.php?rest_route=\/wp\/v2\/posts\/2874","targetHints":{"allow":["GET"]}}],"collection":[{"href":"https:\/\/www.atleticarezzato.it\/index.php?rest_route=\/wp\/v2\/posts"}],"about":[{"href":"https:\/\/www.atleticarezzato.it\/index.php?rest_route=\/wp\/v2\/types\/post"}],"author":[{"embeddable":true,"href":"https:\/\/www.atleticarezzato.it\/index.php?rest_route=\/wp\/v2\/users\/2"}],"replies":[{"embeddable":true,"href":"https:\/\/www.atleticarezzato.it\/index.php?rest_route=%2Fwp%2Fv2%2Fcomments&post=2874"}],"version-history":[{"count":6,"href":"https:\/\/www.atleticarezzato.it\/index.php?rest_route=\/wp\/v2\/posts\/2874\/revisions"}],"predecessor-version":[{"id":2898,"href":"https:\/\/www.atleticarezzato.it\/index.php?rest_route=\/wp\/v2\/posts\/2874\/revisions\/2898"}],"wp:attachment":[{"href":"https:\/\/www.atleticarezzato.it\/index.php?rest_route=%2Fwp%2Fv2%2Fmedia&parent=2874"}],"wp:term":[{"taxonomy":"category","embeddable":true,"href":"https:\/\/www.atleticarezzato.it\/index.php?rest_route=%2Fwp%2Fv2%2Fcategories&post=2874"},{"taxonomy":"post_tag","embeddable":true,"href":"https:\/\/www.atleticarezzato.it\/index.php?rest_route=%2Fwp%2Fv2%2Ftags&post=2874"}],"curies":[{"name":"wp","href":"https:\/\/api.w.org\/{rel}","templated":true}]}}