{"id":2533,"date":"2013-05-10T18:08:37","date_gmt":"2013-05-10T18:08:37","guid":{"rendered":"http:\/\/www.atleticarezzato.it\/?p=2533"},"modified":"2013-05-10T18:27:13","modified_gmt":"2013-05-10T18:27:13","slug":"l-emozione-di-un-record-tra-ricordi-del-passato-e-speranze-del-futuro","status":"publish","type":"post","link":"https:\/\/www.atleticarezzato.it\/?p=2533","title":{"rendered":"L&#8217;emozione di un record : tra ricordi del passato e speranze del futuro"},"content":{"rendered":"<p style=\"text-align: justify;\">Lo scorso week end si \u00e8 concluso ritrovando in pista un \u201cbrillantissimo\u201d Simone Soncina che, dopo aver realizzato nella giornata di sabato la \u201cfantastica tripletta\u201d (1 Personale, 2 Minimo per i campionati Italiani, 3 Record di societ\u00e0) nei 1500mt ha saputo ripetersi anche Domenica negli 800mt in condizioni decisamente pi\u00f9 difficili con pista allagata e vento fastidioso.<!--more--><\/p>\n<p style=\"text-align: justify;\">Complimenti dunque al nostro vicecampione italiano cadetti che stacca subito due biglietti per la rassegna nazionale di fine settembre. Ma Simone ha avuto anche il privilegio di cancellare dagli annali dell\u2019altetica Rezzato i nomi di due atleti che hanno fatto la storia del mezzofondo rezzatese\u00a0 d\u2019inizio\u00a0 secolo: El Ouafi Oucine e Francesco Quadri.\u00a0 Entrambi allenati dall\u2019attuale coach Max Botta, El Ouafi \u00e8 sempre stato atleta caparbio e costante sicuramente proiettato sul mezzofondo prolungato ha ottenuto i suoi primi riscontri importanti proprio nei 1500mt della categoria allievi per poi togliersi diverse soddisfazioni anche nella distanza doppia\u00a0 fino ai 3000 siepi (10\u201900) ed i 5000mt (15\u201954) negli anni successivi . Quadri Francesco al contrario ha vissuto di molti successi nelle categorie giovanili (1\u201933 nei 600mt ragazzi)\u00a0 per poi dedicarsi al mezzofondo veloce dove ha detenuto il record di societ\u00e0 negli 800mt fino ai recenti sviluppi.<\/p>\n<p style=\"text-align: justify;\">Salutiamo dunque questi atleti del passato (che comunque restano nelle graduatorie con altri personali) ed applaudiamo Simone Soncina augurandoci che questi crono siano solo \u201cdi passaggio\u201d per potersi migliorare ancora. (Ricordo che per Simone la categoria Allievi \u00e8 appena cominciata\u2026)<\/p>\n<p style=\"text-align: justify;\">Nel panorama dell\u2019Atletica Rezzato 2013\u00a0 esistono comunque altre interessanti sfide tra \u201cvecchie glorie\u201d appartenenti ad un passato pi\u00f9 o meno lontano e giovani arrembanti pronti a spingere sempre pi\u00f9 in l\u00e0 i limiti della nostra squadra.\u00a0 \u00a0E\u2019 l\u2019esempio di Bonetti Vittorio che dopo il fresco personale nei 400hs (58\u20196) ha pressoch\u00e9 dimezzato il distacco dal record di societ\u00e0 junior (55\u20193) appartenente al \u201cleggendario\u201d Gigi Rebuzzi con il quale ha intrapreso una \u201csfida a distanza\u201d gi\u00e0 nella categoria allievi e che ci auguriamo possa proseguire \u00a0mantenendosi sempre sui livelli del suo predecessore!.<\/p>\n<p style=\"text-align: justify;\">Tra gli attuali cadetti sono diversi i record che potrebbero cadere nell\u2019arco dell\u2019anno a partire dall\u2019intrepida Alessia Boifava che, dopo i recenti miglioramenti nei 1000mt, comincia ad intravedere la seria possibilit\u00e0 di agguantare il record dei 1000mt cadette risalente addirittura al 1977 quando Pezzotti Beatrice corse in 3\u201914\u201d1. \u00a0\u00a0Tra i maschi sicuramente tremeranno i freschi record dei 150, 300 e 600mt realizzati la stagione scorsa da Leonardo Foschetti e proprio dallo stesso Simone Soncina. A provarci ci saranno indubbiamente i gemelli Facchin che a sua volta potranno riuscire anche nell\u2019impresa di migliorare se stessi nei 300hs e nel salto triplo.<\/p>\n<p style=\"text-align: justify;\">Infine esistono anche due piccoli grandi sogni che i nostri atleti di livello assoluto (o addirittura master) inseguono in silenzio: il primo \u00e8 un 49\u201d67 sui 400mt targato Alberto Soffientini distante poco pi\u00f9 di mezzo secondo dal personale che Conchieri Luca detiene e che quest\u2019anno sembra intenzionato a migliorare (se gli infotunii gli daranno tregua\u2026). Il secondo invece \u00e8 un\u2019ambizioso 5.187 nel Decathlon realizzato da Pedrana Leo nel 1998 e che il nostro master Burri Alessandro sostiene di non guardare ma che sotto sotto\u00a0 non proibisce di sognare.<\/p>\n<p style=\"text-align: justify;\">Per concludere questa rassegna, cari ragazzi, non resta che una frase:\u00a0 un record \u00e8 un record, \u00e8 la migliore espressione che gli atleti di un epoca hanno saputo dimostrare saltando, correndo, lanciando e lasciandola in eredit\u00e0 al prossimo nell\u2019attesa che qualcuno sappia fare di meglio. Dunque ragazzi forza, i record sono l\u00ec che vi aspettano, pronti per essere battuti.<\/p>\n","protected":false},"excerpt":{"rendered":"<p>Lo scorso week end si \u00e8 concluso ritrovando in pista un \u201cbrillantissimo\u201d Simone Soncina che, dopo aver realizzato nella giornata di sabato la \u201cfantastica tripletta\u201d (1 Personale, 2 Minimo per i campionati Italiani, 3 Record di societ\u00e0) nei 1500mt ha &hellip; <a href=\"https:\/\/www.atleticarezzato.it\/?p=2533\">Continua a leggere<span class=\"meta-nav\">&rarr;<\/span><\/a><\/p>\n","protected":false},"author":2,"featured_media":0,"comment_status":"open","ping_status":"open","sticky":false,"template":"","format":"standard","meta":{"jetpack_post_was_ever_published":false,"_jetpack_newsletter_access":"","_jetpack_dont_email_post_to_subs":false,"_jetpack_newsletter_tier_id":0,"_jetpack_memberships_contains_paywalled_content":false,"_jetpack_memberships_contains_paid_content":false,"footnotes":"","jetpack_publicize_message":"","jetpack_publicize_feature_enabled":true,"jetpack_social_post_already_shared":false,"jetpack_social_options":{"image_generator_settings":{"template":"highway","enabled":false},"version":2}},"categories":[4],"tags":[],"class_list":["post-2533","post","type-post","status-publish","format-standard","hentry","category-gare"],"jetpack_publicize_connections":[],"jetpack_featured_media_url":"","jetpack_sharing_enabled":true,"jetpack_shortlink":"https:\/\/wp.me\/p5mdqx-ER","_links":{"self":[{"href":"https:\/\/www.atleticarezzato.it\/index.php?rest_route=\/wp\/v2\/posts\/2533","targetHints":{"allow":["GET"]}}],"collection":[{"href":"https:\/\/www.atleticarezzato.it\/index.php?rest_route=\/wp\/v2\/posts"}],"about":[{"href":"https:\/\/www.atleticarezzato.it\/index.php?rest_route=\/wp\/v2\/types\/post"}],"author":[{"embeddable":true,"href":"https:\/\/www.atleticarezzato.it\/index.php?rest_route=\/wp\/v2\/users\/2"}],"replies":[{"embeddable":true,"href":"https:\/\/www.atleticarezzato.it\/index.php?rest_route=%2Fwp%2Fv2%2Fcomments&post=2533"}],"version-history":[{"count":4,"href":"https:\/\/www.atleticarezzato.it\/index.php?rest_route=\/wp\/v2\/posts\/2533\/revisions"}],"predecessor-version":[{"id":2536,"href":"https:\/\/www.atleticarezzato.it\/index.php?rest_route=\/wp\/v2\/posts\/2533\/revisions\/2536"}],"wp:attachment":[{"href":"https:\/\/www.atleticarezzato.it\/index.php?rest_route=%2Fwp%2Fv2%2Fmedia&parent=2533"}],"wp:term":[{"taxonomy":"category","embeddable":true,"href":"https:\/\/www.atleticarezzato.it\/index.php?rest_route=%2Fwp%2Fv2%2Fcategories&post=2533"},{"taxonomy":"post_tag","embeddable":true,"href":"https:\/\/www.atleticarezzato.it\/index.php?rest_route=%2Fwp%2Fv2%2Ftags&post=2533"}],"curies":[{"name":"wp","href":"https:\/\/api.w.org\/{rel}","templated":true}]}}