{"id":2519,"date":"2013-05-05T14:17:16","date_gmt":"2013-05-05T14:17:16","guid":{"rendered":"http:\/\/www.atleticarezzato.it\/?p=2519"},"modified":"2013-05-05T15:35:28","modified_gmt":"2013-05-05T15:35:28","slug":"campionati-di-societa-allievi-simone-soncina-centra-il-colpaccio","status":"publish","type":"post","link":"https:\/\/www.atleticarezzato.it\/?p=2519","title":{"rendered":"Campionati di Societ\u00e0 allievi: Simone Soncina centra il colpaccio!!!"},"content":{"rendered":"<p style=\"text-align: justify;\">Continua &#8220;l&#8217;effetto Bonetti&#8221; che, come un effetto domino, ci auguriamo abbia dato il via ad un trend di risultati positivi anche per gli altri atleti delle categorie assolute.<\/p>\n<p style=\"text-align: justify;\">A centrare il colpaccio ai Campionati di Societ\u00e0 allievi in scena a Chiari \u00e8 stato Simone Soncina che realizza un 1500mt di spessore limando tre secondi abbondanti al personale portato a 4&#8217;12&#8243;66.\u00a0 Risultato importante perch\u00e8 costituisce il minimo di partecipazione per i<!--more--> Campionati Italiani Allievi di fine Settembre oltre a migliorare il vecchio primato di societ\u00e0 (4&#8217;13&#8243;52) risalente a dieci anni fa cancellando cos\u00ec dagli annali El Ouafi Oucine mezzofondista di spicco della nostra societ\u00e0 nei primi anni 2000.<\/p>\n<p style=\"text-align: justify;\">Nel pomeriggio clarense rosicchia qualche centesimo al fresco primato personale anche Leonardo Foschetti che scende ad 11&#8243;92 evidenziando i progressi fatti vedere anche in allenamento. Al debutto stagionale anche i lanciatori Gatti Alessandro e Butturini Mattia impegnati rispettivamente nel lancio del disco e del giavellotto. Per entrambi prestazioni un po &#8220;sottotono&#8221; forse dettate dall&#8217;emozione dell&#8217;esordio visto che per entrambi si trattava della prima gara &#8220;vera&#8221; dopo un inverno di allenamenti passati in palestra.<\/p>\n<p style=\"text-align: justify;\">Appuntamento oggi per la seconda giornata sulla quale vi terremo aggioranti, mentre il settore giovanile sar\u00e0 impegnato sabato prossimo nella 4\u00b0 porva del Trofeo Forrest Gump a Rodengo Saiano.<\/p>\n","protected":false},"excerpt":{"rendered":"<p>Continua &#8220;l&#8217;effetto Bonetti&#8221; che, come un effetto domino, ci auguriamo abbia dato il via ad un trend di risultati positivi anche per gli altri atleti delle categorie assolute. A centrare il colpaccio ai Campionati di Societ\u00e0 allievi in scena a &hellip; <a href=\"https:\/\/www.atleticarezzato.it\/?p=2519\">Continua a leggere<span class=\"meta-nav\">&rarr;<\/span><\/a><\/p>\n","protected":false},"author":2,"featured_media":0,"comment_status":"open","ping_status":"open","sticky":false,"template":"","format":"standard","meta":{"jetpack_post_was_ever_published":false,"_jetpack_newsletter_access":"","_jetpack_dont_email_post_to_subs":false,"_jetpack_newsletter_tier_id":0,"_jetpack_memberships_contains_paywalled_content":false,"_jetpack_memberships_contains_paid_content":false,"footnotes":"","jetpack_publicize_message":"","jetpack_publicize_feature_enabled":true,"jetpack_social_post_already_shared":false,"jetpack_social_options":{"image_generator_settings":{"template":"highway","enabled":false},"version":2}},"categories":[4],"tags":[],"class_list":["post-2519","post","type-post","status-publish","format-standard","hentry","category-gare"],"jetpack_publicize_connections":[],"jetpack_featured_media_url":"","jetpack_sharing_enabled":true,"jetpack_shortlink":"https:\/\/wp.me\/p5mdqx-ED","_links":{"self":[{"href":"https:\/\/www.atleticarezzato.it\/index.php?rest_route=\/wp\/v2\/posts\/2519","targetHints":{"allow":["GET"]}}],"collection":[{"href":"https:\/\/www.atleticarezzato.it\/index.php?rest_route=\/wp\/v2\/posts"}],"about":[{"href":"https:\/\/www.atleticarezzato.it\/index.php?rest_route=\/wp\/v2\/types\/post"}],"author":[{"embeddable":true,"href":"https:\/\/www.atleticarezzato.it\/index.php?rest_route=\/wp\/v2\/users\/2"}],"replies":[{"embeddable":true,"href":"https:\/\/www.atleticarezzato.it\/index.php?rest_route=%2Fwp%2Fv2%2Fcomments&post=2519"}],"version-history":[{"count":5,"href":"https:\/\/www.atleticarezzato.it\/index.php?rest_route=\/wp\/v2\/posts\/2519\/revisions"}],"predecessor-version":[{"id":2525,"href":"https:\/\/www.atleticarezzato.it\/index.php?rest_route=\/wp\/v2\/posts\/2519\/revisions\/2525"}],"wp:attachment":[{"href":"https:\/\/www.atleticarezzato.it\/index.php?rest_route=%2Fwp%2Fv2%2Fmedia&parent=2519"}],"wp:term":[{"taxonomy":"category","embeddable":true,"href":"https:\/\/www.atleticarezzato.it\/index.php?rest_route=%2Fwp%2Fv2%2Fcategories&post=2519"},{"taxonomy":"post_tag","embeddable":true,"href":"https:\/\/www.atleticarezzato.it\/index.php?rest_route=%2Fwp%2Fv2%2Ftags&post=2519"}],"curies":[{"name":"wp","href":"https:\/\/api.w.org\/{rel}","templated":true}]}}