{"id":2485,"date":"2013-04-27T08:28:47","date_gmt":"2013-04-27T08:28:47","guid":{"rendered":"http:\/\/www.atleticarezzato.it\/?p=2485"},"modified":"2013-04-28T09:57:54","modified_gmt":"2013-04-28T09:57:54","slug":"2prova-forrest-gump-facchin-ottimi-gemelli-di-bronzo-laffranchi-continua-il-momento-magico","status":"publish","type":"post","link":"https:\/\/www.atleticarezzato.it\/?p=2485","title":{"rendered":"2^Prova &#8220;Forrest Gump&#8221;: Facchin ottimi gemelli di bronzo, Laffranchi continua il momento magico"},"content":{"rendered":"<p style=\"text-align: justify;\">Una splendida giornata di sole al campo sportivo di Chiari ci ha regalato un intenso pomeriggio di gare valide come seconda prova del trofeo Forrest Gump.<\/p>\n<p style=\"text-align: justify;\">Tre le medaglie conquistate ma tanti i piazzamenti di lusso ed i personali migliorati dai nostri ragazzi. La copertina della giornata se la prende indubbiamente Stefano Facchin per il sensibile miglioramento fatto registrare <!--more-->nella prova dei 1000mt conclusa con il crono di 2\u201946\u201d86 quasi 5 secondi sotto il suo precedente , fresco primato.\u00a0 Per lui un\u2019ottima gara con passaggi regolari nella prima met\u00e0 di gara (33-1\u201906-1\u201940) peccato per la piccola esitazione avuta a mezzo giro dalla fine che gli \u00e8 costata decimi preziosi e la possibilit\u00e0 di poter addirittura vincere la gara!!! Per il nostro \u201cpolmoni d\u2019acciaio\u201d si tratta comunque di una grande iniezione di fiducia che lo proietta gi\u00e0 ad una manciata di secondi dal \u201cfatidico\u201d minimo di partecipazione ai Campionati Italiani Cadetti.<\/p>\n<p style=\"text-align: justify;\">Altro atleta che sta vivendo un \u201cmomento magico\u201d \u00e8 Simone Laffranchi che, risvegliatosi dal \u201cletargo\u201d nel quale era precipitato lo scorso anno, ha cominciato a prender atto delle proprie capacit\u00e0 da ostacolista siglando\u00a0 un interessante 15\u201d86 nei 100hs che, oltre alla medaglia d\u2019argento, costituisce un buon punto di partenza per continuare a migliorare credendo in se stesso e nei propri mezzi.<\/p>\n<p style=\"text-align: justify;\">La terza medaglia della giornata arriva dalla pedana del salto in lungo dove Pietro Facchin apre la sua stagione da lunghista \u00a0ad una spanna dal personale lottando come sue solito tra fluidit\u00e0 nella rincorsa e potenza nello stacco.\u00a0 Il risultato finale \u00e8 una medaglia di bronzo in 5.56mt che pu\u00f2 essere visto come un bicchiere mezzo pieno se riuscir\u00e0 ad assimilare al meglio gli insegnamenti\u00a0 pratici e psichici del suo Coach \u201cimbrigliando\u201d tutta la potenza ed esplosivit\u00e0 di cui dispone.<\/p>\n<p style=\"text-align: justify;\">Scendendo dal podio troviamo ben tre \u201cmedaglie di legno\u201d con Filippini Carlotta che pur siglando il personale nel getto del peso\u00a0 con una serie quasi tutta oltre gli 8mt non scarica la sufficiente cattiveria per\u00a0\u00a0 aggiungere quei 5cm che le avrebbero consentito di salire sul podio. Stesso discorso per il gi\u00e0 citato Pietro Facchin che pur con il nuovo Personal Best (10.63)lascia il podio a 2 soli cm . Discorso diverso per Matteo Verzeletti che lotta con tutte le energie disponibili nel primo 100hs della sua carriera con delle barriere ancora troppo proibitive per la sua complessione fisica ma che sicuramente gli potranno dare grandi soddisfazioni in futuro vista la buona tecnica di passaggio sull\u2019ostacolo.<\/p>\n<p style=\"text-align: justify;\">Al quinto posto nella prova dei 1000mt cadette troviamo la nostra tenacissima Alessia Boifava che, grazie ad una retta finale da cardiopalmo, \u00a0rosicchia un altro secondo abbondante al suo personale portandolo a 3\u201923\u201d88. Anche per lei , come per Stefano, resta il piccolo rammarico di \u201caver esitato\u201d a seguire i pi\u00f9 forti nel tratto centrale di gara perdendo secondi preziosi che l\u2019avrebbero fatta avvicinare alla barriera dei 3\u201920. A completare il quadro dei mezzofondisti segnaliamo anche l\u2019ottimo Lorenzo Corselli anche lui al personale (3\u201903) ed ormai pronto ad attaccare la prestigiosa barriera dei 3 minuti netti mentre Elisa Morandini alle prese con condizioni fisiche non ottimali \u00e8 comunque brava a confermarsi sotto i 4 minuti.<\/p>\n<p style=\"text-align: justify;\">La pedana del salto in alto ci ha invece regalato il personale di Roberto Foletti portato a 1.58 con ancora molti problemi legati al gesto tecnico ma tanta volont\u00e0 che pian piano lo stanno portando a migliorare progressivamente in molteplici discipline. Dopo quasi un ora di gara nelll\u2019alto il nostro Robi si \u00e8 presentato alla partenza dei 300mt chiudendo in 41\u201d5 la sua batteria e precedendo sul traguardo il folto gruppo di \u201ctemerari\u201d che si \u00e8 applicato in questa prova di velocit\u00e0 prolungata tra cui annotiamo Simone Laffranchi (42.4) Alessandro Mazza (43.8) e Matteo Verzeletti (45.0)<\/p>\n<p style=\"text-align: justify;\">All\u2019appello di atleti presenti alla lunga giornata di gare\u00a0 aggiungiamo inoltre le prove di Zarino Giulia che debutta molto bene sugli 80hs (13\u201d94) e\u00a0 nei 300 piani, Chiara Pedrotti nel salto in lungo cadette (4.17mt) e Matteo Vedovello alla prima esperienza nel salto in alto (1.35 migliorabilissimo) e 4.70 nel lungo.<\/p>\n<p style=\"text-align: justify;\">Infine , non certo ultimo per importanza segnaliamo anche il giovanissimo Lorenzo Verzeletti che si diletta nei 50hs con buona disinvoltura chiudendo la sua batteria in seconda posizione ed a ridosso della top ten nella classifica generale.<\/p>\n<p style=\"text-align: justify;\">Prossimo appuntamento fra una settimana allo stadio di Salo per lo \u201cstorico\u201d e combattutissimo Trofeo del Garda (augurandoci di vivere una giornata di gare decisamente pi\u00f9 \u201casciutta\u201d dello scorso anno)<\/p>\n","protected":false},"excerpt":{"rendered":"<p>Una splendida giornata di sole al campo sportivo di Chiari ci ha regalato un intenso pomeriggio di gare valide come seconda prova del trofeo Forrest Gump. Tre le medaglie conquistate ma tanti i piazzamenti di lusso ed i personali migliorati &hellip; <a href=\"https:\/\/www.atleticarezzato.it\/?p=2485\">Continua a leggere<span class=\"meta-nav\">&rarr;<\/span><\/a><\/p>\n","protected":false},"author":2,"featured_media":0,"comment_status":"open","ping_status":"open","sticky":false,"template":"","format":"standard","meta":{"jetpack_post_was_ever_published":false,"_jetpack_newsletter_access":"","_jetpack_dont_email_post_to_subs":false,"_jetpack_newsletter_tier_id":0,"_jetpack_memberships_contains_paywalled_content":false,"_jetpack_memberships_contains_paid_content":false,"footnotes":"","jetpack_publicize_message":"","jetpack_publicize_feature_enabled":true,"jetpack_social_post_already_shared":false,"jetpack_social_options":{"image_generator_settings":{"template":"highway","enabled":false},"version":2}},"categories":[4],"tags":[],"class_list":["post-2485","post","type-post","status-publish","format-standard","hentry","category-gare"],"jetpack_publicize_connections":[],"jetpack_featured_media_url":"","jetpack_sharing_enabled":true,"jetpack_shortlink":"https:\/\/wp.me\/p5mdqx-E5","_links":{"self":[{"href":"https:\/\/www.atleticarezzato.it\/index.php?rest_route=\/wp\/v2\/posts\/2485","targetHints":{"allow":["GET"]}}],"collection":[{"href":"https:\/\/www.atleticarezzato.it\/index.php?rest_route=\/wp\/v2\/posts"}],"about":[{"href":"https:\/\/www.atleticarezzato.it\/index.php?rest_route=\/wp\/v2\/types\/post"}],"author":[{"embeddable":true,"href":"https:\/\/www.atleticarezzato.it\/index.php?rest_route=\/wp\/v2\/users\/2"}],"replies":[{"embeddable":true,"href":"https:\/\/www.atleticarezzato.it\/index.php?rest_route=%2Fwp%2Fv2%2Fcomments&post=2485"}],"version-history":[{"count":4,"href":"https:\/\/www.atleticarezzato.it\/index.php?rest_route=\/wp\/v2\/posts\/2485\/revisions"}],"predecessor-version":[{"id":2495,"href":"https:\/\/www.atleticarezzato.it\/index.php?rest_route=\/wp\/v2\/posts\/2485\/revisions\/2495"}],"wp:attachment":[{"href":"https:\/\/www.atleticarezzato.it\/index.php?rest_route=%2Fwp%2Fv2%2Fmedia&parent=2485"}],"wp:term":[{"taxonomy":"category","embeddable":true,"href":"https:\/\/www.atleticarezzato.it\/index.php?rest_route=%2Fwp%2Fv2%2Fcategories&post=2485"},{"taxonomy":"post_tag","embeddable":true,"href":"https:\/\/www.atleticarezzato.it\/index.php?rest_route=%2Fwp%2Fv2%2Ftags&post=2485"}],"curies":[{"name":"wp","href":"https:\/\/api.w.org\/{rel}","templated":true}]}}