{"id":2483,"date":"2013-04-27T08:26:37","date_gmt":"2013-04-27T08:26:37","guid":{"rendered":"http:\/\/www.atleticarezzato.it\/?p=2483"},"modified":"2013-04-28T09:55:23","modified_gmt":"2013-04-28T09:55:23","slug":"bonettifoschettisoncina-quanto-e-difficile-diventare-assoluti","status":"publish","type":"post","link":"https:\/\/www.atleticarezzato.it\/?p=2483","title":{"rendered":"Bonetti,Foschetti,Soncina: quanto \u00e8 difficile diventare &#8220;assoluti&#8221;!!??"},"content":{"rendered":"<p style=\"text-align: justify;\">Ardua prova per\u00a0 i nostri \u201cgiovani assoluti\u201d al meeting Interregionale di Lodi nel quale il nostro terzetto di tutto rispetto si scontra con le classiche difficolt\u00e0 che l\u2019atletica nasconde una volta compiuti 15 anni come il cambio di distanze, la sfida con atleti pi\u00f9 forti ed esperti oltre alla difficolt\u00e0 di superare piccoli dolori ed infortuni. Il primo a scendere in pista \u00e8 stato l\u2019ostacolista Bonetti Vittorio che,<!--more--> nonostante fosse il pi\u00f9 esperto del terzetto, si scontra con il problema pi\u00f9 \u201csemplice\u201d: il saper gestire la distanza di gara!!! Per lui la prova \u00e8 stata caratterizzata da una partenza al \u201cfulmicotone\u201d con i primi 200mt di ottimo livello per poi spegnersi sul rettilineo finale pagando a caro prezzo le energie sprecate all\u2019inizio. Alla fine per Vitto resta il \u201ccontentino\u201d del personale stagionale ma, distribuendo in modo pi\u00f9 uniforme la prova, sicuramente i miglioramenti avrebbero potuto essere pi\u00f9 sensibili.<\/p>\n<p style=\"text-align: justify;\">E\u2019 stata poi la volta di Leonardo Foschetti al debutto sui 200mt piani. Per lui un leggero risentimento al quadricipite non gli ha concesso di allenarsi con serenit\u00e0 nelle ultime settimane aumentando il gap con gli atleti di prima fascia. Alla fine il cronometro dice 24\u201d39 in linea con il 100mt fatto registrare due settimane fa e che lo colloca all\u2019incirca a met\u00e0 classifica a fine gara.<\/p>\n<p style=\"text-align: justify;\">Infine \u00e8 sceso in pista il mezzofondista \u201cdoc\u201d Simone Soncina che, dal canto suo, aveva forse l\u2019unica colpa di\u2026aver 15 anni e cosi, dopo aver fatto le \u201core piccole\u201d la sera prima non ha potuto esser al meglio in gara. A complicare il tutto anche una fastidiosa allegria stagionale cos\u00ec che il crono finale, seppur con il nuovo personale, resta sopra i\u00a0 2 minuti di un paio di secondi.<\/p>\n<p style=\"text-align: justify;\">A tutti e tre dunque vanno i pi\u00f9 grossi incoraggiamenti per continuare ad \u201cinsistere\u201d imparando dagli errori e continuando ad allenarsi con costanza che i sacrifici prima o poi verranno sempre ripagati.<\/p>\n<p style=\"text-align: justify;\">A cornice del resoconto di Lodi segnaliamo anche l\u2019esordio stagionale del nostro master Burri Alessandro che procede nella difficile preparazione al decathlon. Per lui nella serata di mercoled\u00ec segnaliamo un 100mt in 12\u201d04 e la prova dell\u2019alto chiusa in 1.57.<\/p>\n","protected":false},"excerpt":{"rendered":"<p>Ardua prova per\u00a0 i nostri \u201cgiovani assoluti\u201d al meeting Interregionale di Lodi nel quale il nostro terzetto di tutto rispetto si scontra con le classiche difficolt\u00e0 che l\u2019atletica nasconde una volta compiuti 15 anni come il cambio di distanze, la &hellip; <a href=\"https:\/\/www.atleticarezzato.it\/?p=2483\">Continua a leggere<span class=\"meta-nav\">&rarr;<\/span><\/a><\/p>\n","protected":false},"author":2,"featured_media":0,"comment_status":"open","ping_status":"open","sticky":false,"template":"","format":"standard","meta":{"jetpack_post_was_ever_published":false,"_jetpack_newsletter_access":"","_jetpack_dont_email_post_to_subs":false,"_jetpack_newsletter_tier_id":0,"_jetpack_memberships_contains_paywalled_content":false,"_jetpack_memberships_contains_paid_content":false,"footnotes":"","jetpack_publicize_message":"","jetpack_publicize_feature_enabled":true,"jetpack_social_post_already_shared":false,"jetpack_social_options":{"image_generator_settings":{"template":"highway","enabled":false},"version":2}},"categories":[4],"tags":[],"class_list":["post-2483","post","type-post","status-publish","format-standard","hentry","category-gare"],"jetpack_publicize_connections":[],"jetpack_featured_media_url":"","jetpack_sharing_enabled":true,"jetpack_shortlink":"https:\/\/wp.me\/p5mdqx-E3","_links":{"self":[{"href":"https:\/\/www.atleticarezzato.it\/index.php?rest_route=\/wp\/v2\/posts\/2483","targetHints":{"allow":["GET"]}}],"collection":[{"href":"https:\/\/www.atleticarezzato.it\/index.php?rest_route=\/wp\/v2\/posts"}],"about":[{"href":"https:\/\/www.atleticarezzato.it\/index.php?rest_route=\/wp\/v2\/types\/post"}],"author":[{"embeddable":true,"href":"https:\/\/www.atleticarezzato.it\/index.php?rest_route=\/wp\/v2\/users\/2"}],"replies":[{"embeddable":true,"href":"https:\/\/www.atleticarezzato.it\/index.php?rest_route=%2Fwp%2Fv2%2Fcomments&post=2483"}],"version-history":[{"count":2,"href":"https:\/\/www.atleticarezzato.it\/index.php?rest_route=\/wp\/v2\/posts\/2483\/revisions"}],"predecessor-version":[{"id":2493,"href":"https:\/\/www.atleticarezzato.it\/index.php?rest_route=\/wp\/v2\/posts\/2483\/revisions\/2493"}],"wp:attachment":[{"href":"https:\/\/www.atleticarezzato.it\/index.php?rest_route=%2Fwp%2Fv2%2Fmedia&parent=2483"}],"wp:term":[{"taxonomy":"category","embeddable":true,"href":"https:\/\/www.atleticarezzato.it\/index.php?rest_route=%2Fwp%2Fv2%2Fcategories&post=2483"},{"taxonomy":"post_tag","embeddable":true,"href":"https:\/\/www.atleticarezzato.it\/index.php?rest_route=%2Fwp%2Fv2%2Ftags&post=2483"}],"curies":[{"name":"wp","href":"https:\/\/api.w.org\/{rel}","templated":true}]}}