{"id":2470,"date":"2013-04-20T12:01:34","date_gmt":"2013-04-20T12:01:34","guid":{"rendered":"http:\/\/www.atleticarezzato.it\/?p=2470"},"modified":"2013-04-28T10:04:29","modified_gmt":"2013-04-28T10:04:29","slug":"trofeo-visconti-i-nostri-mezzofondisti-mettono-le-ali","status":"publish","type":"post","link":"https:\/\/www.atleticarezzato.it\/?p=2470","title":{"rendered":"Trofeo Visconti: i nostri mezzofondisti &#8220;mettono le ali&#8221;!!!"},"content":{"rendered":"<p><object width=\"400\" height=\"267\" classid=\"clsid:d27cdb6e-ae6d-11cf-96b8-444553540000\" codebase=\"http:\/\/download.macromedia.com\/pub\/shockwave\/cabs\/flash\/swflash.cab#version=6,0,40,0\"><param name=\"src\" value=\"https:\/\/picasaweb.google.com\/s\/c\/bin\/slideshow.swf\" \/><param name=\"flashvars\" value=\"host=picasaweb.google.com&amp;hl=it&amp;feat=flashalbum&amp;RGB=0x000000&amp;feed=https%3A%2F%2Fpicasaweb.google.com%2Fdata%2Ffeed%2Fapi%2Fuser%2F115144177297297241786%2Falbumid%2F5871807803443580737%3Falt%3Drss%26kind%3Dphoto%26hl%3Dit\" \/><param name=\"pluginspage\" value=\"http:\/\/www.macromedia.com\/go\/getflashplayer\" \/><\/object><\/p>\n<p style=\"text-align: justify;\">Magnifica prova per tutti i nostri mezzofondisti che, alla prima occasione con temperature accettabili e pista asciutta (o quasi), sfoderano ottime prestazioni in tutte le prove in programma.<\/p>\n<p style=\"text-align: justify;\">5 personali su 5 \u00e8 un bilancio notevole che incoraggia sicuramente atleti ed allenatori per il proseguo della stagione. Grossi applausi dunque per Stefano Facchin che vince la gara,<!--more--> sigla il nuovo personale con 2&#8217;51&#8243;7 ed ottiene anche il curioso primato di essere uno dei pochi cadetti in grado di correre due volte i mille metri sotto i tre minuti nell&#8217;arco della stessa giornata!! Il nostro &#8220;polmoni d&#8217;acciaio&#8221; infatti gi\u00e0 in mattinata si era aggiudicato la prova dei 1000mt ai campionati studenteschi in 2&#8217;56&#8221; impreziosendo quindi il crono fatto registrare in serata!<\/p>\n<p style=\"text-align: justify;\">Molto bene anche Simone Soncina che debutta nei 1500mt con un interessante 4&#8217;15&#8243;0 che lo colloca gi\u00e0 a meno di 2 secondi dal record societario di El Ouafi Oucine datato 2002. Per Simone gi\u00e0 oggi si torner\u00e0 in pista pronto per migliorarsi sugli 800mt al meeting interregionale di Lodi.<\/p>\n<p style=\"text-align: justify;\">Non da meno sono state anche le performance di Lorenzo Corselli in grado di polverizzare il precedente personale scendendo a 3&#8217;05&#8243;0, Boifava Alessia rosicchia un altro secondo al precedente PB e prosegue la marcia di avvicinamento ad uno storico record di societ\u00e0 datato 1977 (3&#8217;14&#8221;). Infine complimenti anche ad Elisa Morandini che per la prima volta in carriera abbatte il muro dei 4&#8217;00&#8221; (3&#8217;57&#8221;) ed Alia Hamoude che debutta in stagione con 12&#8217;27&#8221; sui 3000mt<\/p>\n","protected":false},"excerpt":{"rendered":"<p>Magnifica prova per tutti i nostri mezzofondisti che, alla prima occasione con temperature accettabili e pista asciutta (o quasi), sfoderano ottime prestazioni in tutte le prove in programma. 5 personali su 5 \u00e8 un bilancio notevole che incoraggia sicuramente atleti &hellip; <a href=\"https:\/\/www.atleticarezzato.it\/?p=2470\">Continua a leggere<span class=\"meta-nav\">&rarr;<\/span><\/a><\/p>\n","protected":false},"author":2,"featured_media":0,"comment_status":"open","ping_status":"open","sticky":false,"template":"","format":"standard","meta":{"jetpack_post_was_ever_published":false,"_jetpack_newsletter_access":"","_jetpack_dont_email_post_to_subs":false,"_jetpack_newsletter_tier_id":0,"_jetpack_memberships_contains_paywalled_content":false,"_jetpack_memberships_contains_paid_content":false,"footnotes":"","jetpack_publicize_message":"","jetpack_publicize_feature_enabled":true,"jetpack_social_post_already_shared":false,"jetpack_social_options":{"image_generator_settings":{"template":"highway","enabled":false},"version":2}},"categories":[4],"tags":[],"class_list":["post-2470","post","type-post","status-publish","format-standard","hentry","category-gare"],"jetpack_publicize_connections":[],"jetpack_featured_media_url":"","jetpack_sharing_enabled":true,"jetpack_shortlink":"https:\/\/wp.me\/p5mdqx-DQ","_links":{"self":[{"href":"https:\/\/www.atleticarezzato.it\/index.php?rest_route=\/wp\/v2\/posts\/2470","targetHints":{"allow":["GET"]}}],"collection":[{"href":"https:\/\/www.atleticarezzato.it\/index.php?rest_route=\/wp\/v2\/posts"}],"about":[{"href":"https:\/\/www.atleticarezzato.it\/index.php?rest_route=\/wp\/v2\/types\/post"}],"author":[{"embeddable":true,"href":"https:\/\/www.atleticarezzato.it\/index.php?rest_route=\/wp\/v2\/users\/2"}],"replies":[{"embeddable":true,"href":"https:\/\/www.atleticarezzato.it\/index.php?rest_route=%2Fwp%2Fv2%2Fcomments&post=2470"}],"version-history":[{"count":10,"href":"https:\/\/www.atleticarezzato.it\/index.php?rest_route=\/wp\/v2\/posts\/2470\/revisions"}],"predecessor-version":[{"id":2472,"href":"https:\/\/www.atleticarezzato.it\/index.php?rest_route=\/wp\/v2\/posts\/2470\/revisions\/2472"}],"wp:attachment":[{"href":"https:\/\/www.atleticarezzato.it\/index.php?rest_route=%2Fwp%2Fv2%2Fmedia&parent=2470"}],"wp:term":[{"taxonomy":"category","embeddable":true,"href":"https:\/\/www.atleticarezzato.it\/index.php?rest_route=%2Fwp%2Fv2%2Fcategories&post=2470"},{"taxonomy":"post_tag","embeddable":true,"href":"https:\/\/www.atleticarezzato.it\/index.php?rest_route=%2Fwp%2Fv2%2Ftags&post=2470"}],"curies":[{"name":"wp","href":"https:\/\/api.w.org\/{rel}","templated":true}]}}